{"id":5116,"date":"2024-09-27T19:44:15","date_gmt":"2024-09-27T19:44:15","guid":{"rendered":"https:\/\/chispalcv.org\/declaraciones-de-lcv-y-chispa-sobre-la-regla-final-de-la-fase-3-para-camiones\/"},"modified":"2024-09-27T19:44:15","modified_gmt":"2024-09-27T19:44:15","slug":"declaraciones-de-lcv-y-chispa-sobre-la-regla-final-de-la-fase-3-para-camiones","status":"publish","type":"post","link":"https:\/\/chispalcv.org\/es\/declaraciones-de-lcv-y-chispa-sobre-la-regla-final-de-la-fase-3-para-camiones\/","title":{"rendered":"Declaraciones de LCV y Chispa sobre la regla final de la fase 3 para camiones"},"content":{"rendered":"<p><strong>Para publicaci\u00f3n inmediata<\/strong><\/p>\n<p><span style=\"font-weight: 400;\">29 de marzo de 2024<\/span><\/p>\n<p><span style=\"font-weight: 400;\"><strong>Contacto:<\/strong> Mika Hyer, mhyer@lcv.org, 940-783-2230<\/span><\/p>\n<p><span style=\"font-weight: 400;\">In Spanish: Elena Gaona, egaona@lcv.org, 202-907-9717<\/span><\/p>\n<p><span style=\"font-weight: 400;\"><strong>Washington, D.C.<\/strong> &#8211; En respuesta a las normas definitivas de la Fase 3 para veh\u00edculos pesados de la Agencia de Protecci\u00f3n Medioambiental de Estados Unidos (EPA), la Liga de Votantes por la Conservaci\u00f3n (LCV) y Chispa emitieron las siguientes declaraciones:<\/span><\/p>\n<p><span style=\"font-weight: 400;\">\u00abApreciamos que la administraci\u00f3n Biden-Harris y la EPA hayan dado un importante paso adelante para finalizar los l\u00edmites de contaminaci\u00f3n del tubo de escape que son factibles y ayudar\u00e1n a avanzar en la adopci\u00f3n de camiones y autobuses el\u00e9ctricos\u00bb, dijo el <strong>Defensor de Asuntos Gubernamentales de LCV sobre Cambio Clim\u00e1tico y Energ\u00eda Limpia, Darien Davis.<\/strong> \u00abNos entusiasma que la EPA se mueva para apoyar la modernizaci\u00f3n de las normas sobre veh\u00edculos en todo el sector del transporte que, en \u00faltima instancia, mejorar\u00e1 la calidad del aire en las comunidades de todo el pa\u00eds y luchar\u00e1 contra la contaminaci\u00f3n atmosf\u00e9rica que acorta vidas y contra la crisis clim\u00e1tica. Esperamos seguir trabajando con la administraci\u00f3n Biden-Harris para aprovechar al m\u00e1ximo sus importantes inversiones federales a trav\u00e9s de los Programas de Autobuses Escolares y Veh\u00edculos Pesados Limpios en las comunidades de color y de escasos recursos para conseguir un aire m\u00e1s limpio y justicia medioambiental a un ritmo a\u00fan m\u00e1s r\u00e1pido del que podr\u00edan conseguir las normas por s\u00ed solas.\u00bb<\/span><\/p>\n<p style=\"text-align: center;\"><span style=\"font-weight: 400;\">***<\/span><\/p>\n<p><span style=\"font-weight: 400;\">\u00abAgradecemos a la EPA y a la Administraci\u00f3n Biden-Harris que hayan vuelto a proponer normas m\u00e1s estrictas para frenar las peligrosas emisiones atmosf\u00e9ricas y clim\u00e1ticas emitidas por tractores, camiones de basura, camiones de reparto, autobuses escolares y otros veh\u00edculos pesados. Hoy es un buen d\u00eda para nuestras familias y ni\u00f1os afectados que viven, trabajan o van a la escuela cerca de autopistas y otros centros de transporte t\u00f3xicos todos los d\u00edas\u00bb, declar\u00f3 Estefany Carrasco-Gonz\u00e1lez, Directora Principal de Chispa. \u00abLos camiones y autobuses de emisiones cero reducir\u00e1n los costes de explotaci\u00f3n, mejorar\u00e1n la calidad del aire y combatir\u00e1n la crisis clim\u00e1tica. La norma de hoy trae consigo un aire m\u00e1s limpio y la esperanza de que pronto podamos lograr un sector del transporte con cero emisiones para proteger nuestra salud p\u00fablica y el clima.\u00bb<\/span><\/p>\n<p style=\"text-align: center;\"><span style=\"font-weight: 400;\">###<\/span><\/p>\n","protected":false},"excerpt":{"rendered":"<p>Para publicaci\u00f3n inmediata 29 de marzo de 2024 Contacto: Mika Hyer, mhyer@lcv.org, 940-783-2230 In Spanish: Elena Gaona, egaona@lcv.org, 202-907-9717 Washington, D.C. &#8211; En respuesta a las normas definitivas de la Fase 3 para veh\u00edculos pesados de la Agencia de Protecci\u00f3n Medioambiental de Estados Unidos (EPA), la Liga de Votantes por la Conservaci\u00f3n (LCV) y Chispa emitieron las siguientes declaraciones: \u00abApreciamos que la administraci\u00f3n Biden-Harris y la EPA hayan dado un importante paso adelante para finalizar los l\u00edmites de contaminaci\u00f3n del tubo de escape que son factibles y ayudar\u00e1n a avanzar en la adopci\u00f3n de camiones y autobuses el\u00e9ctricos\u00bb, dijo el Defensor de Asuntos Gubernamentales de LCV sobre Cambio Clim\u00e1tico y Energ\u00eda Limpia, Darien Davis. \u00abNos entusiasma que la EPA se mueva para apoyar la modernizaci\u00f3n de las normas sobre veh\u00edculos en todo el sector del transporte que, en \u00faltima instancia, mejorar\u00e1 la calidad del aire en las comunidades de todo el pa\u00eds y luchar\u00e1 contra la contaminaci\u00f3n atmosf\u00e9rica que acorta vidas y contra la crisis clim\u00e1tica. Esperamos seguir trabajando con la administraci\u00f3n Biden-Harris para aprovechar al m\u00e1ximo sus importantes inversiones federales a trav\u00e9s de los Programas de Autobuses Escolares y Veh\u00edculos Pesados Limpios en las comunidades de color y de escasos recursos para conseguir un aire m\u00e1s limpio y justicia medioambiental a un ritmo a\u00fan m\u00e1s r\u00e1pido del que podr\u00edan conseguir las normas por s\u00ed solas.\u00bb *** \u00abAgradecemos a la EPA y a la Administraci\u00f3n Biden-Harris que hayan vuelto a proponer normas m\u00e1s estrictas para frenar las peligrosas emisiones atmosf\u00e9ricas y clim\u00e1ticas emitidas por tractores, camiones de basura, camiones de reparto, autobuses escolares y otros veh\u00edculos pesados. Hoy es un buen d\u00eda para nuestras familias y ni\u00f1os afectados que viven, trabajan o van a la escuela cerca de autopistas y otros centros de transporte t\u00f3xicos todos los d\u00edas\u00bb, declar\u00f3 Estefany Carrasco-Gonz\u00e1lez, Directora Principal de Chispa. \u00abLos camiones y autobuses de emisiones cero reducir\u00e1n los costes de explotaci\u00f3n, mejorar\u00e1n la calidad del aire y combatir\u00e1n la crisis clim\u00e1tica. La norma de hoy trae consigo un aire m\u00e1s limpio y la esperanza de que pronto podamos lograr un sector del transporte con cero emisiones para proteger nuestra salud p\u00fablica y el clima.\u00bb ###<\/p>\n","protected":false},"author":4,"featured_media":0,"comment_status":"open","ping_status":"open","sticky":false,"template":"","format":"standard","meta":{"_acf_changed":false,"site-sidebar-layout":"default","site-content-layout":"","ast-site-content-layout":"default","site-content-style":"default","site-sidebar-style":"default","ast-global-header-display":"","ast-banner-title-visibility":"","ast-main-header-display":"","ast-hfb-above-header-display":"","ast-hfb-below-header-display":"","ast-hfb-mobile-header-display":"","site-post-title":"","ast-breadcrumbs-content":"","ast-featured-img":"","footer-sml-layout":"","ast-disable-related-posts":"","theme-transparent-header-meta":"default","adv-header-id-meta":"","stick-header-meta":"","header-above-stick-meta":"","header-main-stick-meta":"","header-below-stick-meta":"","astra-migrate-meta-layouts":"default","ast-page-background-enabled":"default","ast-page-background-meta":{"desktop":{"background-color":"var(--ast-global-color-4)","background-image":"","background-repeat":"repeat","background-position":"center center","background-size":"auto","background-attachment":"scroll","background-type":"","background-media":"","overlay-type":"","overlay-color":"","overlay-opacity":"","overlay-gradient":""},"tablet":{"background-color":"","background-image":"","background-repeat":"repeat","background-position":"center center","background-size":"auto","background-attachment":"scroll","background-type":"","background-media":"","overlay-type":"","overlay-color":"","overlay-opacity":"","overlay-gradient":""},"mobile":{"background-color":"","background-image":"","background-repeat":"repeat","background-position":"center center","background-size":"auto","background-attachment":"scroll","background-type":"","background-media":"","overlay-type":"","overlay-color":"","overlay-opacity":"","overlay-gradient":""}},"ast-content-background-meta":{"desktop":{"background-color":"var(--ast-global-color-5)","background-image":"","background-repeat":"repeat","background-position":"center center","background-size":"auto","background-attachment":"scroll","background-type":"","background-media":"","overlay-type":"","overlay-color":"","overlay-opacity":"","overlay-gradient":""},"tablet":{"background-color":"var(--ast-global-color-5)","background-image":"","background-repeat":"repeat","background-position":"center center","background-size":"auto","background-attachment":"scroll","background-type":"","background-media":"","overlay-type":"","overlay-color":"","overlay-opacity":"","overlay-gradient":""},"mobile":{"background-color":"var(--ast-global-color-5)","background-image":"","background-repeat":"repeat","background-position":"center center","background-size":"auto","background-attachment":"scroll","background-type":"","background-media":"","overlay-type":"","overlay-color":"","overlay-opacity":"","overlay-gradient":""}},"footnotes":""},"categories":[82,36,78],"tags":[],"class_list":["post-5116","post","type-post","status-publish","format-standard","hentry","category-atmosfera-limpia","category-press-release-es","category-justicia-medioambiental"],"acf":[],"aioseo_notices":[],"_links":{"self":[{"href":"https:\/\/chispalcv.org\/es\/wp-json\/wp\/v2\/posts\/5116","targetHints":{"allow":["GET"]}}],"collection":[{"href":"https:\/\/chispalcv.org\/es\/wp-json\/wp\/v2\/posts"}],"about":[{"href":"https:\/\/chispalcv.org\/es\/wp-json\/wp\/v2\/types\/post"}],"author":[{"embeddable":true,"href":"https:\/\/chispalcv.org\/es\/wp-json\/wp\/v2\/users\/4"}],"replies":[{"embeddable":true,"href":"https:\/\/chispalcv.org\/es\/wp-json\/wp\/v2\/comments?post=5116"}],"version-history":[{"count":0,"href":"https:\/\/chispalcv.org\/es\/wp-json\/wp\/v2\/posts\/5116\/revisions"}],"wp:attachment":[{"href":"https:\/\/chispalcv.org\/es\/wp-json\/wp\/v2\/media?parent=5116"}],"wp:term":[{"taxonomy":"category","embeddable":true,"href":"https:\/\/chispalcv.org\/es\/wp-json\/wp\/v2\/categories?post=5116"},{"taxonomy":"post_tag","embeddable":true,"href":"https:\/\/chispalcv.org\/es\/wp-json\/wp\/v2\/tags?post=5116"}],"curies":[{"name":"wp","href":"https:\/\/api.w.org\/{rel}","templated":true}]}}